{"id":107,"date":"2017-01-09T13:08:11","date_gmt":"2017-01-09T16:08:11","guid":{"rendered":"http:\/\/walterelias.com.ar\/sitio\/?p=107"},"modified":"2018-01-09T10:41:40","modified_gmt":"2018-01-09T13:41:40","slug":"el-trabajo-de-la-cefae","status":"publish","type":"post","link":"https:\/\/walterelias.com.ar\/sitio\/el-trabajo-de-la-cefae\/","title":{"rendered":"El trabajo de la CEFAE"},"content":{"rendered":"<p><a href=\"http:\/\/walterelias.com.ar\/sitio\/wp-content\/uploads\/2017\/01\/Selecci\u00f3n_004.png\"><img loading=\"lazy\" decoding=\"async\" class=\"aligncenter size-full wp-image-108\" src=\"http:\/\/walterelias.com.ar\/sitio\/wp-content\/uploads\/2017\/01\/Selecci\u00f3n_004.png\" alt=\"\" width=\"602\" height=\"342\" srcset=\"https:\/\/walterelias.com.ar\/sitio\/wp-content\/uploads\/2017\/01\/Selecci\u00f3n_004.png 602w, https:\/\/walterelias.com.ar\/sitio\/wp-content\/uploads\/2017\/01\/Selecci\u00f3n_004-300x170.png 300w\" sizes=\"auto, (max-width: 602px) 100vw, 602px\" \/><\/a>La siguiente entrada de este blog ha sido escrita en primera persona por Milton W. Hourcade, investigador del fen\u00f3nmeno OVNI. Tomo\u00a0sus palabras tal cual fueron escritas, porque son un claro ejemplo del punto de vista que me apasiona de este tema: La investigaci\u00f3n cient\u00edfica de los fen\u00f3menos aeroespaciales.<\/p>\n<p><!--more--><\/p>\n<p><strong>Del blog de\u00a0Milton W. Hourcade (textual)<\/strong><\/p>\n<p>Es cierto que no existe una curr\u00edcula para un curso de Ufolog\u00eda, &#8211;aunque d\u00ed uno en Uruguay en 1981, del cual surgi\u00f3 la \u00faltima generaci\u00f3n de investigadores del C.I.O.V.I.&#8211; pero sigo sosteniendo el criterio que expuse en 1989 en mi libro \u00ab<u>Elementos de Ovnilog\u00eda &#8211; Gu\u00eda para la investigaci\u00f3n<\/u>\u00ab, ed. Mano a Mano, Montevideo, 102 p\u00e1ginas<\/p>\n<p>Al iniciar el cap\u00edtulo I, en la p\u00e1gina 7, he escrito:\u00bb<i>Algunos autores y pensadores, han puesto en duda la posibilidad de atribuir a la Ovnilog\u00eda el car\u00e1cter de Ciencia.<\/i><br \/>\n<i>Sin embargo, a menos que asuma tal car\u00e1cter, no sirve para nada&#8230;&#8230;En efecto, de eso y no de otra cosa se trata: desarrollar la investigaci\u00f3n aplicando el m\u00e9todo cient\u00edfico y los conocimientos que se poseen en la actualidad, para procurar entender y explicar el problema OVNI.<\/i>\u00bb<\/p>\n<p>Por supuesto que la Ufolog\u00eda ha sido desvirtuada por negociantes, charlatanes, embaucadores, y canales de TV que la han transformado en entretenimiento para las masas.<\/p>\n<p>Pero eso no tiene absolutamente nada que ver con la investigaci\u00f3n y el estudio serios de los Fen\u00f3menos A\u00e9reos Inusuales, que demandan un trabajo meticuloso, dedicaci\u00f3n de muchas horas al mismo, y el uso de la tecnolog\u00eda a disposici\u00f3n.<\/p>\n<p>La Ufolog\u00eda, la \u00fanica, la aut\u00e9ntica, la v\u00e1lida, aplica el m\u00e9todo cient\u00edfico en la resoluci\u00f3n de los casos sometidos a su an\u00e1lisis y consideraci\u00f3n. De modo tal que sus conclusiones est\u00e1n adem\u00e1s, s\u00f3lidamente cimentadas.<\/p>\n<p>Me place sobremanera, constatar que la investigaci\u00f3n oficial del tema llevada a cabo en la Argentina, es un ejemplo de ello. Ejemplo para otros entes oficiales latinoamericanos que\u00a0 no han alcanzado el nivel de perfeccionamiento y de calidad en el tratamiento de las observaciones, fotos o videos a consideraci\u00f3n.<\/p>\n<p>Considero pues, que el aporte de la Comisi\u00f3n de Estudio de<\/p>\n<div class=\"separator\"><a href=\"https:\/\/4.bp.blogspot.com\/-NPbRsELISf8\/WG7gv7X1yuI\/AAAAAAAADU4\/a9dUN3HzWHsKCee95EbG-J1BArMCRPGjgCLcB\/s1600\/Ruben-Lianza-CEFAE-ch-1024x597.jpg\"><img loading=\"lazy\" decoding=\"async\" class=\"alignright\" src=\"https:\/\/4.bp.blogspot.com\/-NPbRsELISf8\/WG7gv7X1yuI\/AAAAAAAADU4\/a9dUN3HzWHsKCee95EbG-J1BArMCRPGjgCLcB\/s200\/Ruben-Lianza-CEFAE-ch-1024x597.jpg\" width=\"166\" height=\"200\" border=\"0\" \/><\/a><\/div>\n<p>Fen\u00f3menos Aeroespaciales (CEFAe) de Argentina es\u00a0 sumamente valioso, porque adem\u00e1s parte de criterios regidos por la sensatez y el sentido com\u00fan.<\/p>\n<p>Asimismo hacemos llegar nuestras felicitaciones a la Fuerza A\u00e9rea Argentina por dar a conocer al p\u00fablico su tarea, y no guardarla en un secreto que no tiene ninguna raz\u00f3n de ser.<\/p>\n<p>Agradezco al amigo, Comodoro (R) Rub\u00e9n Lianza, la amabilidad de hacernos llegar el fruto de la labor llevada a cabo durante 2016, y recomiendo la lectura de ese informe producido por la CEFAe, que demuestra el excelente trabajo realizado.<\/p>\n<h1>Informe 2017<\/h1>\n<p>https:\/\/www.faa.mil.ar\/mision\/informe_cefae_2017.pdf<\/p>\n<h1>Informe 2016:<\/h1>\n<p><a href=\"https:\/\/www.faa.mil.ar\/mision\/informe_cefae_2016.pdf\">https:\/\/www.faa.mil.ar\/mision\/informe_cefae_2016.pdf<\/a><\/p>\n<p>&nbsp;<\/p>\n<p>&nbsp;<\/p>\n","protected":false},"excerpt":{"rendered":"<p>La siguiente entrada de este blog ha sido escrita en primera persona por Milton W. Hourcade, investigador del fen\u00f3nmeno OVNI. Tomo\u00a0sus palabras tal cual fueron escritas, porque son un claro ejemplo del punto de vista que me apasiona de este tema: La investigaci\u00f3n cient\u00edfica de los fen\u00f3menos aeroespaciales.<\/p>\n","protected":false},"author":1,"featured_media":0,"comment_status":"open","ping_status":"closed","sticky":false,"template":"","format":"standard","meta":{"footnotes":""},"categories":[30],"tags":[],"class_list":["post-107","post","type-post","status-publish","format-standard","hentry","category-ufologia-cientifica"],"_links":{"self":[{"href":"https:\/\/walterelias.com.ar\/sitio\/wp-json\/wp\/v2\/posts\/107","targetHints":{"allow":["GET"]}}],"collection":[{"href":"https:\/\/walterelias.com.ar\/sitio\/wp-json\/wp\/v2\/posts"}],"about":[{"href":"https:\/\/walterelias.com.ar\/sitio\/wp-json\/wp\/v2\/types\/post"}],"author":[{"embeddable":true,"href":"https:\/\/walterelias.com.ar\/sitio\/wp-json\/wp\/v2\/users\/1"}],"replies":[{"embeddable":true,"href":"https:\/\/walterelias.com.ar\/sitio\/wp-json\/wp\/v2\/comments?post=107"}],"version-history":[{"count":3,"href":"https:\/\/walterelias.com.ar\/sitio\/wp-json\/wp\/v2\/posts\/107\/revisions"}],"predecessor-version":[{"id":116,"href":"https:\/\/walterelias.com.ar\/sitio\/wp-json\/wp\/v2\/posts\/107\/revisions\/116"}],"wp:attachment":[{"href":"https:\/\/walterelias.com.ar\/sitio\/wp-json\/wp\/v2\/media?parent=107"}],"wp:term":[{"taxonomy":"category","embeddable":true,"href":"https:\/\/walterelias.com.ar\/sitio\/wp-json\/wp\/v2\/categories?post=107"},{"taxonomy":"post_tag","embeddable":true,"href":"https:\/\/walterelias.com.ar\/sitio\/wp-json\/wp\/v2\/tags?post=107"}],"curies":[{"name":"wp","href":"https:\/\/api.w.org\/{rel}","templated":true}]}}